{"id":2300,"date":"2026-04-29T15:02:00","date_gmt":"2026-04-29T15:02:00","guid":{"rendered":"https:\/\/iesazcona.org\/?p=2300"},"modified":"2026-04-29T15:15:03","modified_gmt":"2026-04-29T15:15:03","slug":"becas-y-ayudas-al-estudio-curso-2026-27","status":"publish","type":"post","link":"https:\/\/iesazcona.org\/?p=2300","title":{"rendered":"Becas y ayudas al estudio. Curso 2026-27"},"content":{"rendered":"\t\t<div data-elementor-type=\"wp-post\" data-elementor-id=\"2300\" class=\"elementor elementor-2300\" data-elementor-post-type=\"post\">\n\t\t\t\t<div class=\"elementor-element elementor-element-1b62d83f e-flex e-con-boxed e-con e-parent\" data-id=\"1b62d83f\" data-element_type=\"container\">\n\t\t\t\t\t<div class=\"e-con-inner\">\n\t\t\t\t<div class=\"elementor-element elementor-element-28bc3d6b elementor-widget elementor-widget-text-editor\" data-id=\"28bc3d6b\" data-element_type=\"widget\" data-widget_type=\"text-editor.default\">\n\t\t\t\t<div class=\"elementor-widget-container\">\n\t\t\t\t\t\t\t\t\t\n<h3 class=\"wp-block-heading\">Becas y ayudas al estudio. Curso 2026-27<\/h3>\n\n<p>El plazo para solicitar la beca de la convocatoria general para el curso 2026\/27 es del 7 de abril a\u00a0las 8.00 h hasta el\u00a0<strong>18 de mayo<\/strong>\u00a0a las 15.00 h. (horas peninsulares).\u00a0<\/p>\n\n<p>Las ayudas para estudios postobligatorios se podr\u00e1n solicitar hasta el 18 de mayo a trav\u00e9s de la\u00a0<strong><a href=\"https:\/\/sede.educacion.gob.es\/portada.html\">sede electr\u00f3nica<\/a><\/strong>\u00a0del Ministerio de Educaci\u00f3n, Formaci\u00f3n Profesional y Deportes.\u00a0Los alumnos y alumnas que vayan a cursar bachillerato, Formaci\u00f3n Profesional, ense\u00f1anzas art\u00edsticas, deportivas, de idiomas o estudios universitarios, entre otros, podr\u00e1n desde el lunes pedir su beca para el curso que viene. Deber\u00e1n cumplimentar una serie de datos provisionales, que podr\u00e1n modificar m\u00e1s adelante, y deber\u00e1n hacerlo\u00a0<strong>aunque no sepan a\u00fan las notas que obtendr\u00e1n este curso, qu\u00e9 van a estudiar en el que viene o si van a continuar o no con su formaci\u00f3n<\/strong>.<\/p>\n\n<p>Puedes solicitar una beca si crees que te vas a matricular en el curso 2026\/27 en alguno de los siguientes niveles:<\/p>\n\n<ul class=\"wp-block-list\">\n<li><strong>Estudios no universitarios:\u00a0<\/strong><strong>Bachillerato,\u00a0<\/strong><strong>Cursos de acceso y de preparaci\u00f3n para pruebas de acceso\u00a0<\/strong>(a la Formaci\u00f3n Profesional y cursos de formaci\u00f3n espec\u00edficos para acceso a ciclos formativos de grado medio y superior, impartidos en centros p\u00fablicos y privados concertados),\u00a0<strong>Formaci\u00f3n Profesional\u00a0<\/strong>de grado medio y de grado superior,\u00a0<strong>Ense\u00f1anzas<\/strong>\u00a0<strong>art\u00edsticas (<\/strong>profesionales y superiores),\u00a0<strong>Ense\u00f1anzas de idiomas en Escuelas Oficiales<\/strong>,\u00a0<strong>Ense\u00f1anzas\u00a0<\/strong><strong>deportivas,\u00a0<\/strong><strong>Formaci\u00f3n Profesional\u00a0<\/strong>de Grado B\u00e1sico<\/li>\n\n<li><strong>Estudios universitarios (Grado y M\u00e1ster):\u00a0<\/strong><strong>Curso de acceso\u00a0<\/strong>a la universidad para\u00a0<strong>mayores de 25 a\u00f1os\u00a0<\/strong>(impartido por universidades p\u00fablicas), Ense\u00f1anzas universitarias para\u00a0<strong>t\u00edtulos de grado y de m\u00e1ster<\/strong>\u00a0(incluidos los estudios de grado y m\u00e1ster en centros universitarios de la Defensa y de la Guardia Civil y cr\u00e9ditos complementarios o complementos de formaci\u00f3n para acceder u obtener el t\u00edtulo de m\u00e1ster o grado).<\/li>\n<\/ul>\n\n<p><strong>EL\/LA ALUMNO\/A siempre debe ser el TITULAR o COTITULAR<\/strong>\u00a0de la cuenta corriente consignada en la solicitud. S\u00f3lo podr\u00e1 pagarse la cuant\u00eda de la beca o ayuda a una cuenta de la que el\/la alumno\/a beneficiario\/a sea titular o cotitular. En caso contrario no podr\u00e1 tramitarse el pago.Una vez cumplimentada la solicitud, deber\u00e1 ser firmada por el interesado o su representante legal en el caso de ser menor de 18 a\u00f1os con cualquiera de los sistemas de firma electr\u00f3nica aceptados por la sede electr\u00f3nica y enviada por el procedimiento telem\u00e1tico establecido, quedando as\u00ed presentada a todos los efectos<\/p>\n\n<p>\u00a0<\/p>\n\t\t\t\t\t\t\t\t<\/div>\n\t\t\t\t<\/div>\n\t\t\t\t\t<\/div>\n\t\t\t\t<\/div>\n\t\t\t\t<\/div>\n\t\t<p>Visitas: 0<\/p>","protected":false},"excerpt":{"rendered":"<p>Becas y ayudas al estudio. Curso 2026-27 El plazo para solicitar la beca de la convocatoria general para el curso [&hellip;]<\/p>\n","protected":false},"author":2,"featured_media":2302,"comment_status":"closed","ping_status":"closed","sticky":false,"template":"","format":"standard","meta":{"_uag_custom_page_level_css":"","site-sidebar-layout":"default","site-content-layout":"","ast-site-content-layout":"","site-content-style":"default","site-sidebar-style":"default","ast-global-header-display":"","ast-banner-title-visibility":"","ast-main-header-display":"","ast-hfb-above-header-display":"","ast-hfb-below-header-display":"","ast-hfb-mobile-header-display":"","site-post-title":"","ast-breadcrumbs-content":"","ast-featured-img":"","footer-sml-layout":"","theme-transparent-header-meta":"","adv-header-id-meta":"","stick-header-meta":"","header-above-stick-meta":"","header-main-stick-meta":"","header-below-stick-meta":"","astra-migrate-meta-layouts":"default","ast-page-background-enabled":"default","ast-page-background-meta":{"desktop":{"background-color":"var(--ast-global-color-5)","background-image":"","background-repeat":"repeat","background-position":"center center","background-size":"auto","background-attachment":"scroll","background-type":"","background-media":"","overlay-type":"","overlay-color":"","overlay-opacity":"","overlay-gradient":""},"tablet":{"background-color":"","background-image":"","background-repeat":"repeat","background-position":"center center","background-size":"auto","background-attachment":"scroll","background-type":"","background-media":"","overlay-type":"","overlay-color":"","overlay-opacity":"","overlay-gradient":""},"mobile":{"background-color":"","background-image":"","background-repeat":"repeat","background-position":"center center","background-size":"auto","background-attachment":"scroll","background-type":"","background-media":"","overlay-type":"","overlay-color":"","overlay-opacity":"","overlay-gradient":""}},"ast-content-background-meta":{"desktop":{"background-color":"var(--ast-global-color-4)","background-image":"","background-repeat":"repeat","background-position":"center center","background-size":"auto","background-attachment":"scroll","background-type":"","background-media":"","overlay-type":"","overlay-color":"","overlay-opacity":"","overlay-gradient":""},"tablet":{"background-color":"var(--ast-global-color-4)","background-image":"","background-repeat":"repeat","background-position":"center center","background-size":"auto","background-attachment":"scroll","background-type":"","background-media":"","overlay-type":"","overlay-color":"","overlay-opacity":"","overlay-gradient":""},"mobile":{"background-color":"var(--ast-global-color-4)","background-image":"","background-repeat":"repeat","background-position":"center center","background-size":"auto","background-attachment":"scroll","background-type":"","background-media":"","overlay-type":"","overlay-color":"","overlay-opacity":"","overlay-gradient":""}},"_kadence_starter_templates_imported_post":false,"footnotes":""},"categories":[3,1],"tags":[],"class_list":["post-2300","post","type-post","status-publish","format-standard","has-post-thumbnail","hentry","category-inicio","category-uncategorized"],"yoast_head":"<!-- This site is optimized with the Yoast SEO plugin v24.1 - https:\/\/yoast.com\/wordpress\/plugins\/seo\/ -->\n<title>Becas y ayudas al estudio. Curso 2026-27 - I.E.S. AZCONA<\/title>\n<meta name=\"robots\" content=\"index, follow, max-snippet:-1, max-image-preview:large, max-video-preview:-1\" \/>\n<link rel=\"canonical\" href=\"https:\/\/iesazcona.org\/?p=2300\" \/>\n<meta property=\"og:locale\" content=\"es_ES\" \/>\n<meta property=\"og:type\" content=\"article\" \/>\n<meta property=\"og:title\" content=\"Becas y ayudas al estudio. Curso 2026-27 - I.E.S. AZCONA\" \/>\n<meta property=\"og:description\" content=\"Becas y ayudas al estudio. Curso 2026-27 El plazo para solicitar la beca de la convocatoria general para el curso [&hellip;]\" \/>\n<meta property=\"og:url\" content=\"https:\/\/iesazcona.org\/?p=2300\" \/>\n<meta property=\"og:site_name\" content=\"I.E.S. AZCONA\" \/>\n<meta property=\"article:published_time\" content=\"2026-04-29T15:02:00+00:00\" \/>\n<meta property=\"article:modified_time\" content=\"2026-04-29T15:15:03+00:00\" \/>\n<meta property=\"og:image\" content=\"https:\/\/iesazcona.org\/wp-content\/uploads\/2026\/04\/becas-e1777475268469.jpg\" \/>\n\t<meta property=\"og:image:width\" content=\"498\" \/>\n\t<meta property=\"og:image:height\" content=\"269\" \/>\n\t<meta property=\"og:image:type\" content=\"image\/jpeg\" \/>\n<meta name=\"author\" content=\"Juani\" \/>\n<meta name=\"twitter:card\" content=\"summary_large_image\" \/>\n<meta name=\"twitter:label1\" content=\"Escrito por\" \/>\n\t<meta name=\"twitter:data1\" content=\"Juani\" \/>\n\t<meta name=\"twitter:label2\" content=\"Tiempo de lectura\" \/>\n\t<meta name=\"twitter:data2\" content=\"3 minutos\" \/>\n<script type=\"application\/ld+json\" class=\"yoast-schema-graph\">{\"@context\":\"https:\/\/schema.org\",\"@graph\":[{\"@type\":\"Article\",\"@id\":\"https:\/\/iesazcona.org\/?p=2300#article\",\"isPartOf\":{\"@id\":\"https:\/\/iesazcona.org\/?p=2300\"},\"author\":{\"name\":\"Juani\",\"@id\":\"https:\/\/iesazcona.org\/#\/schema\/person\/8189d60814a4beca20889d1e3b15727b\"},\"headline\":\"Becas y ayudas al estudio. Curso 2026-27\",\"datePublished\":\"2026-04-29T15:02:00+00:00\",\"dateModified\":\"2026-04-29T15:15:03+00:00\",\"mainEntityOfPage\":{\"@id\":\"https:\/\/iesazcona.org\/?p=2300\"},\"wordCount\":443,\"publisher\":{\"@id\":\"https:\/\/iesazcona.org\/#organization\"},\"image\":{\"@id\":\"https:\/\/iesazcona.org\/?p=2300#primaryimage\"},\"thumbnailUrl\":\"https:\/\/iesazcona.org\/wp-content\/uploads\/2026\/04\/becas-e1777475268469.jpg\",\"articleSection\":[\"inicio\",\"Uncategorized\"],\"inLanguage\":\"es\"},{\"@type\":\"WebPage\",\"@id\":\"https:\/\/iesazcona.org\/?p=2300\",\"url\":\"https:\/\/iesazcona.org\/?p=2300\",\"name\":\"Becas y ayudas al estudio. Curso 2026-27 - I.E.S. AZCONA\",\"isPartOf\":{\"@id\":\"https:\/\/iesazcona.org\/#website\"},\"primaryImageOfPage\":{\"@id\":\"https:\/\/iesazcona.org\/?p=2300#primaryimage\"},\"image\":{\"@id\":\"https:\/\/iesazcona.org\/?p=2300#primaryimage\"},\"thumbnailUrl\":\"https:\/\/iesazcona.org\/wp-content\/uploads\/2026\/04\/becas-e1777475268469.jpg\",\"datePublished\":\"2026-04-29T15:02:00+00:00\",\"dateModified\":\"2026-04-29T15:15:03+00:00\",\"breadcrumb\":{\"@id\":\"https:\/\/iesazcona.org\/?p=2300#breadcrumb\"},\"inLanguage\":\"es\",\"potentialAction\":[{\"@type\":\"ReadAction\",\"target\":[\"https:\/\/iesazcona.org\/?p=2300\"]}]},{\"@type\":\"ImageObject\",\"inLanguage\":\"es\",\"@id\":\"https:\/\/iesazcona.org\/?p=2300#primaryimage\",\"url\":\"https:\/\/iesazcona.org\/wp-content\/uploads\/2026\/04\/becas-e1777475268469.jpg\",\"contentUrl\":\"https:\/\/iesazcona.org\/wp-content\/uploads\/2026\/04\/becas-e1777475268469.jpg\",\"width\":498,\"height\":269},{\"@type\":\"BreadcrumbList\",\"@id\":\"https:\/\/iesazcona.org\/?p=2300#breadcrumb\",\"itemListElement\":[{\"@type\":\"ListItem\",\"position\":1,\"name\":\"Portada\",\"item\":\"https:\/\/iesazcona.org\/\"},{\"@type\":\"ListItem\",\"position\":2,\"name\":\"Becas y ayudas al estudio. Curso 2026-27\"}]},{\"@type\":\"WebSite\",\"@id\":\"https:\/\/iesazcona.org\/#website\",\"url\":\"https:\/\/iesazcona.org\/\",\"name\":\"I.E.S. AZCONA\",\"description\":\"P\u00e1gina web del IES Azcona en Almer\u00eda.\",\"publisher\":{\"@id\":\"https:\/\/iesazcona.org\/#organization\"},\"potentialAction\":[{\"@type\":\"SearchAction\",\"target\":{\"@type\":\"EntryPoint\",\"urlTemplate\":\"https:\/\/iesazcona.org\/?s={search_term_string}\"},\"query-input\":{\"@type\":\"PropertyValueSpecification\",\"valueRequired\":true,\"valueName\":\"search_term_string\"}}],\"inLanguage\":\"es\"},{\"@type\":\"Organization\",\"@id\":\"https:\/\/iesazcona.org\/#organization\",\"name\":\"I.E.S. AZCONA\",\"url\":\"https:\/\/iesazcona.org\/\",\"logo\":{\"@type\":\"ImageObject\",\"inLanguage\":\"es\",\"@id\":\"https:\/\/iesazcona.org\/#\/schema\/logo\/image\/\",\"url\":\"https:\/\/iesazcona.org\/wp-content\/uploads\/2025\/01\/logo.jpg\",\"contentUrl\":\"https:\/\/iesazcona.org\/wp-content\/uploads\/2025\/01\/logo.jpg\",\"width\":204,\"height\":192,\"caption\":\"I.E.S. AZCONA\"},\"image\":{\"@id\":\"https:\/\/iesazcona.org\/#\/schema\/logo\/image\/\"}},{\"@type\":\"Person\",\"@id\":\"https:\/\/iesazcona.org\/#\/schema\/person\/8189d60814a4beca20889d1e3b15727b\",\"name\":\"Juani\",\"image\":{\"@type\":\"ImageObject\",\"inLanguage\":\"es\",\"@id\":\"https:\/\/iesazcona.org\/#\/schema\/person\/image\/\",\"url\":\"https:\/\/secure.gravatar.com\/avatar\/d4addd34a26ac1f3b395a44d3186033e9047f5ef264c317d3a5429534c14a340?s=96&d=mm&r=g\",\"contentUrl\":\"https:\/\/secure.gravatar.com\/avatar\/d4addd34a26ac1f3b395a44d3186033e9047f5ef264c317d3a5429534c14a340?s=96&d=mm&r=g\",\"caption\":\"Juani\"},\"url\":\"https:\/\/iesazcona.org\/?author=2\"}]}<\/script>\n<!-- \/ Yoast SEO plugin. -->","yoast_head_json":{"title":"Becas y ayudas al estudio. Curso 2026-27 - I.E.S. AZCONA","robots":{"index":"index","follow":"follow","max-snippet":"max-snippet:-1","max-image-preview":"max-image-preview:large","max-video-preview":"max-video-preview:-1"},"canonical":"https:\/\/iesazcona.org\/?p=2300","og_locale":"es_ES","og_type":"article","og_title":"Becas y ayudas al estudio. Curso 2026-27 - I.E.S. AZCONA","og_description":"Becas y ayudas al estudio. Curso 2026-27 El plazo para solicitar la beca de la convocatoria general para el curso [&hellip;]","og_url":"https:\/\/iesazcona.org\/?p=2300","og_site_name":"I.E.S. AZCONA","article_published_time":"2026-04-29T15:02:00+00:00","article_modified_time":"2026-04-29T15:15:03+00:00","og_image":[{"width":498,"height":269,"url":"https:\/\/iesazcona.org\/wp-content\/uploads\/2026\/04\/becas-e1777475268469.jpg","type":"image\/jpeg"}],"author":"Juani","twitter_card":"summary_large_image","twitter_misc":{"Escrito por":"Juani","Tiempo de lectura":"3 minutos"},"schema":{"@context":"https:\/\/schema.org","@graph":[{"@type":"Article","@id":"https:\/\/iesazcona.org\/?p=2300#article","isPartOf":{"@id":"https:\/\/iesazcona.org\/?p=2300"},"author":{"name":"Juani","@id":"https:\/\/iesazcona.org\/#\/schema\/person\/8189d60814a4beca20889d1e3b15727b"},"headline":"Becas y ayudas al estudio. Curso 2026-27","datePublished":"2026-04-29T15:02:00+00:00","dateModified":"2026-04-29T15:15:03+00:00","mainEntityOfPage":{"@id":"https:\/\/iesazcona.org\/?p=2300"},"wordCount":443,"publisher":{"@id":"https:\/\/iesazcona.org\/#organization"},"image":{"@id":"https:\/\/iesazcona.org\/?p=2300#primaryimage"},"thumbnailUrl":"https:\/\/iesazcona.org\/wp-content\/uploads\/2026\/04\/becas-e1777475268469.jpg","articleSection":["inicio","Uncategorized"],"inLanguage":"es"},{"@type":"WebPage","@id":"https:\/\/iesazcona.org\/?p=2300","url":"https:\/\/iesazcona.org\/?p=2300","name":"Becas y ayudas al estudio. Curso 2026-27 - I.E.S. AZCONA","isPartOf":{"@id":"https:\/\/iesazcona.org\/#website"},"primaryImageOfPage":{"@id":"https:\/\/iesazcona.org\/?p=2300#primaryimage"},"image":{"@id":"https:\/\/iesazcona.org\/?p=2300#primaryimage"},"thumbnailUrl":"https:\/\/iesazcona.org\/wp-content\/uploads\/2026\/04\/becas-e1777475268469.jpg","datePublished":"2026-04-29T15:02:00+00:00","dateModified":"2026-04-29T15:15:03+00:00","breadcrumb":{"@id":"https:\/\/iesazcona.org\/?p=2300#breadcrumb"},"inLanguage":"es","potentialAction":[{"@type":"ReadAction","target":["https:\/\/iesazcona.org\/?p=2300"]}]},{"@type":"ImageObject","inLanguage":"es","@id":"https:\/\/iesazcona.org\/?p=2300#primaryimage","url":"https:\/\/iesazcona.org\/wp-content\/uploads\/2026\/04\/becas-e1777475268469.jpg","contentUrl":"https:\/\/iesazcona.org\/wp-content\/uploads\/2026\/04\/becas-e1777475268469.jpg","width":498,"height":269},{"@type":"BreadcrumbList","@id":"https:\/\/iesazcona.org\/?p=2300#breadcrumb","itemListElement":[{"@type":"ListItem","position":1,"name":"Portada","item":"https:\/\/iesazcona.org\/"},{"@type":"ListItem","position":2,"name":"Becas y ayudas al estudio. Curso 2026-27"}]},{"@type":"WebSite","@id":"https:\/\/iesazcona.org\/#website","url":"https:\/\/iesazcona.org\/","name":"I.E.S. AZCONA","description":"P\u00e1gina web del IES Azcona en Almer\u00eda.","publisher":{"@id":"https:\/\/iesazcona.org\/#organization"},"potentialAction":[{"@type":"SearchAction","target":{"@type":"EntryPoint","urlTemplate":"https:\/\/iesazcona.org\/?s={search_term_string}"},"query-input":{"@type":"PropertyValueSpecification","valueRequired":true,"valueName":"search_term_string"}}],"inLanguage":"es"},{"@type":"Organization","@id":"https:\/\/iesazcona.org\/#organization","name":"I.E.S. AZCONA","url":"https:\/\/iesazcona.org\/","logo":{"@type":"ImageObject","inLanguage":"es","@id":"https:\/\/iesazcona.org\/#\/schema\/logo\/image\/","url":"https:\/\/iesazcona.org\/wp-content\/uploads\/2025\/01\/logo.jpg","contentUrl":"https:\/\/iesazcona.org\/wp-content\/uploads\/2025\/01\/logo.jpg","width":204,"height":192,"caption":"I.E.S. AZCONA"},"image":{"@id":"https:\/\/iesazcona.org\/#\/schema\/logo\/image\/"}},{"@type":"Person","@id":"https:\/\/iesazcona.org\/#\/schema\/person\/8189d60814a4beca20889d1e3b15727b","name":"Juani","image":{"@type":"ImageObject","inLanguage":"es","@id":"https:\/\/iesazcona.org\/#\/schema\/person\/image\/","url":"https:\/\/secure.gravatar.com\/avatar\/d4addd34a26ac1f3b395a44d3186033e9047f5ef264c317d3a5429534c14a340?s=96&d=mm&r=g","contentUrl":"https:\/\/secure.gravatar.com\/avatar\/d4addd34a26ac1f3b395a44d3186033e9047f5ef264c317d3a5429534c14a340?s=96&d=mm&r=g","caption":"Juani"},"url":"https:\/\/iesazcona.org\/?author=2"}]}},"jetpack_featured_media_url":"https:\/\/iesazcona.org\/wp-content\/uploads\/2026\/04\/becas-e1777475268469.jpg","uagb_featured_image_src":{"full":["https:\/\/iesazcona.org\/wp-content\/uploads\/2026\/04\/becas-e1777475268469.jpg",498,269,false],"thumbnail":["https:\/\/iesazcona.org\/wp-content\/uploads\/2026\/04\/becas-e1777475268469-150x150.jpg",150,150,true],"medium":["https:\/\/iesazcona.org\/wp-content\/uploads\/2026\/04\/becas-e1777475268469-300x162.jpg",300,162,true],"medium_large":["https:\/\/iesazcona.org\/wp-content\/uploads\/2026\/04\/becas-e1777475268469.jpg",498,269,false],"large":["https:\/\/iesazcona.org\/wp-content\/uploads\/2026\/04\/becas-e1777475268469.jpg",498,269,false],"1536x1536":["https:\/\/iesazcona.org\/wp-content\/uploads\/2026\/04\/becas-e1777475268469.jpg",498,269,false],"2048x2048":["https:\/\/iesazcona.org\/wp-content\/uploads\/2026\/04\/becas-e1777475268469.jpg",498,269,false],"ultp_layout_landscape_large":["https:\/\/iesazcona.org\/wp-content\/uploads\/2026\/04\/becas-e1777475268469.jpg",498,269,false],"ultp_layout_landscape":["https:\/\/iesazcona.org\/wp-content\/uploads\/2026\/04\/becas-e1777475268469.jpg",498,269,false],"ultp_layout_portrait":["https:\/\/iesazcona.org\/wp-content\/uploads\/2026\/04\/becas-e1777475268469.jpg",498,269,false],"ultp_layout_square":["https:\/\/iesazcona.org\/wp-content\/uploads\/2026\/04\/becas-e1777475268469.jpg",498,269,false]},"uagb_author_info":{"display_name":"Juani","author_link":"https:\/\/iesazcona.org\/?author=2"},"uagb_comment_info":0,"uagb_excerpt":"Becas y ayudas al estudio. Curso 2026-27 El plazo para solicitar la beca de la convocatoria general para el curso [&hellip;]","_links":{"self":[{"href":"https:\/\/iesazcona.org\/index.php?rest_route=\/wp\/v2\/posts\/2300","targetHints":{"allow":["GET"]}}],"collection":[{"href":"https:\/\/iesazcona.org\/index.php?rest_route=\/wp\/v2\/posts"}],"about":[{"href":"https:\/\/iesazcona.org\/index.php?rest_route=\/wp\/v2\/types\/post"}],"author":[{"embeddable":true,"href":"https:\/\/iesazcona.org\/index.php?rest_route=\/wp\/v2\/users\/2"}],"replies":[{"embeddable":true,"href":"https:\/\/iesazcona.org\/index.php?rest_route=%2Fwp%2Fv2%2Fcomments&post=2300"}],"version-history":[{"count":7,"href":"https:\/\/iesazcona.org\/index.php?rest_route=\/wp\/v2\/posts\/2300\/revisions"}],"predecessor-version":[{"id":2308,"href":"https:\/\/iesazcona.org\/index.php?rest_route=\/wp\/v2\/posts\/2300\/revisions\/2308"}],"wp:featuredmedia":[{"embeddable":true,"href":"https:\/\/iesazcona.org\/index.php?rest_route=\/wp\/v2\/media\/2302"}],"wp:attachment":[{"href":"https:\/\/iesazcona.org\/index.php?rest_route=%2Fwp%2Fv2%2Fmedia&parent=2300"}],"wp:term":[{"taxonomy":"category","embeddable":true,"href":"https:\/\/iesazcona.org\/index.php?rest_route=%2Fwp%2Fv2%2Fcategories&post=2300"},{"taxonomy":"post_tag","embeddable":true,"href":"https:\/\/iesazcona.org\/index.php?rest_route=%2Fwp%2Fv2%2Ftags&post=2300"}],"curies":[{"name":"wp","href":"https:\/\/api.w.org\/{rel}","templated":true}]}}